{"id":665,"date":"2015-12-06T20:00:51","date_gmt":"2015-12-06T19:00:51","guid":{"rendered":"http:\/\/blog.senat.fr\/cdp21\/?p=665"},"modified":"2018-06-25T11:38:38","modified_gmt":"2018-06-25T09:38:38","slug":"665","status":"publish","type":"post","link":"https:\/\/blog.senat.fr\/cdp21\/665\/","title":{"rendered":"Retour sur la r\u00e9union de l&rsquo;UIP au S\u00e9nat"},"content":{"rendered":"<h3><a href=\"http:\/\/blog.senat.fr\/cdp21\/reunis-en-conference-les-parlementaires-du-monde-sengagent-a-agir-sur-le-climat\/\">Les conclusions de la Conf\u00e9rence de l&rsquo;UIP <\/a><\/h3>\n<h3><a href=\"http:\/\/videos.senat.fr\/video\/videos\/2015\/video30988.html\">Voir l&rsquo;int\u00e9gralit\u00e9 de la r\u00e9union de l&rsquo; UIP en vid\u00e9o \u00e0 la demande<\/a><\/h3>\n<div align=\"center\">\n<blockquote class=\"twitter-tweet\" lang=\"fr\">\n<p lang=\"fr\" dir=\"ltr\"><a href=\"https:\/\/twitter.com\/hashtag\/UIP_COP21?src=hash\">#UIP_COP21<\/a> D\u00e9couvrez notre reportage sur la rencontre interparlementaire au <a href=\"https:\/\/twitter.com\/hashtag\/S%C3%A9nat?src=hash\">#S\u00e9nat<\/a> qui s&#39;est d\u00e9roul\u00e9e le 6\/12 <a href=\"https:\/\/t.co\/FP2rvafqUt\">https:\/\/t.co\/FP2rvafqUt<\/a> <a href=\"https:\/\/twitter.com\/hashtag\/COP21?src=hash\">#COP21<\/a><\/p>\n<p>&mdash; Senat_Info (@Senat_Info) <a href=\"https:\/\/twitter.com\/Senat_Info\/status\/674200539605786626\">8 D\u00e9cembre 2015<\/a><\/p><\/blockquote>\n<p><script async src=\"\/\/platform.twitter.com\/widgets.js\" charset=\"utf-8\"><\/script><\/a><\/p>\n<h3>Les interviews des participants<\/h3>\n<table width=\"100%\">\n<tbody>\n<tr>\n<td style=\"width: 50%;\">\n<blockquote class=\"twitter-tweet\" lang=\"fr\">\n<p dir=\"ltr\" lang=\"fr\"><a href=\"https:\/\/twitter.com\/hashtag\/COP21?src=hash\">#COP21<\/a> <a href=\"https:\/\/twitter.com\/hashtag\/UIP_COP21?src=hash\">#UIP_COP21<\/a> <a href=\"https:\/\/twitter.com\/gerard_larcher\">@gerard_larcher<\/a> : \u00ab\u00a0Les parlements et les pays ont besoin de leurs territoires.\u00a0\u00bb <a href=\"https:\/\/t.co\/gqQepdMA1m\">https:\/\/t.co\/gqQepdMA1m<\/a><\/p>\n<p>\u2014 Senat_Info (@Senat_Info) <a href=\"https:\/\/twitter.com\/Senat_Info\/status\/673476326699876352\">6 D\u00e9cembre 2015<\/a><\/p><\/blockquote>\n<p><script src=\"\/\/platform.twitter.com\/widgets.js\" async=\"\" charset=\"utf-8\"><\/script>\n<\/td>\n<td style=\"width: 50%;\">\n<blockquote class=\"twitter-tweet\" lang=\"fr\"><p>\n<a href=\"https:\/\/twitter.com\/hashtag\/UIP_COP21?src=hash\">#UIP_COP21<\/a> <a href=\"https:\/\/twitter.com\/RoyalSegolene\">@RoyalSegolene<\/a> : \u00ab\u00a0La question de la transition \u00e9nerg\u00e9tique est une question d\u00e9mocratique.\u00a0\u00bb <a href=\"https:\/\/t.co\/Q3HnFb9xYA\">https:\/\/t.co\/Q3HnFb9xYA<\/a><\/p>\n<p>\u2014 Senat_Info (@Senat_Info) <a href=\"https:\/\/twitter.com\/Senat_Info\/status\/673473533876428800\">6 D\u00e9cembre 2015<\/a>\n<\/p><\/blockquote>\n<p><script src=\"\/\/platform.twitter.com\/widgets.js\" async=\"\" charset=\"utf-8\"><\/script><\/td>\n<\/tr>\n<tr>\n<td style=\"width: 50%;\">\n<blockquote class=\"twitter-tweet\" lang=\"fr\">\n<p dir=\"ltr\" lang=\"fr\"><a href=\"https:\/\/twitter.com\/hashtag\/UIP_COP21?src=hash\">#UIP_COP21<\/a> <a href=\"https:\/\/twitter.com\/hashtag\/COP21?src=hash\">#COP21<\/a> Irina Bokova (<a href=\"https:\/\/twitter.com\/UNESCO\">@UNESCO<\/a>) : \u00ab\u00a0Notre motto, c&rsquo;est changer les mentalit\u00e9s et pas le climat.\u00a0\u00bb <a href=\"https:\/\/t.co\/q6epTPe8xW\">https:\/\/t.co\/q6epTPe8xW<\/a><\/p>\n<p>\u2014 Senat_Info (@Senat_Info) <a href=\"https:\/\/twitter.com\/Senat_Info\/status\/673555472641724416\">6 D\u00e9cembre 2015<\/a><\/p><\/blockquote>\n<p><script src=\"\/\/platform.twitter.com\/widgets.js\" async=\"\" charset=\"utf-8\"><\/script>\n<\/td>\n<td style=\"width: 50%;\">\n<blockquote class=\"twitter-tweet\" lang=\"fr\"><p>\n.<a href=\"https:\/\/twitter.com\/IPUPresident\">@IPUPresident<\/a> on the Inter-Parliamentary Union: \u00ab\u00a0The <a href=\"https:\/\/twitter.com\/IPUparliament\">@IPUParliament<\/a> was a very revolutionary idea.\u00a0\u00bb <a href=\"https:\/\/twitter.com\/hashtag\/UIP_COP21?src=hash\">#UIP_COP21<\/a> <a href=\"https:\/\/t.co\/lZdlWKlnJo\">https:\/\/t.co\/lZdlWKlnJo<\/a><\/p>\n<p>\u2014 Senat_Info (@Senat_Info) <a href=\"https:\/\/twitter.com\/Senat_Info\/status\/673511526578302976\">6 D\u00e9cembre 2015<\/a>\n<\/p><\/blockquote>\n<p><script src=\"\/\/platform.twitter.com\/widgets.js\" async=\"\" charset=\"utf-8\"><\/script><\/td>\n<\/tr>\n<tr>\n<td>\n<blockquote class=\"twitter-tweet\" lang=\"fr\">\n<p dir=\"ltr\" lang=\"fr\"><a href=\"https:\/\/twitter.com\/hashtag\/UPI_COP21?src=hash\">#UPI_COP21<\/a> <a href=\"https:\/\/twitter.com\/hashtag\/COP21?src=hash\">#COP21<\/a> Mich\u00e8le Andr\u00e9 (<a href=\"https:\/\/twitter.com\/senateursPS\">@senateursps<\/a>) : \u00ab\u00a0Nous esp\u00e9rons apporter notre pierre \u00e0 l&rsquo;\u00e9difice.\u00a0\u00bb <a href=\"https:\/\/t.co\/ACmeh5OS6H\">https:\/\/t.co\/ACmeh5OS6H<\/a><\/p>\n<p>\u2014 Senat_Info (@Senat_Info) <a href=\"https:\/\/twitter.com\/Senat_Info\/status\/673536354718842882\">6 D\u00e9cembre 2015<\/a><\/p><\/blockquote>\n<p><script src=\"\/\/platform.twitter.com\/widgets.js\" async=\"\" charset=\"utf-8\"><\/script>\n<\/td>\n<td style=\"width: 50%;\">\n<blockquote class=\"twitter-tweet\" lang=\"fr\"><p>\n<a href=\"https:\/\/twitter.com\/hashtag\/UIP_COP21?src=hash\">#UIP_COP21<\/a> <a href=\"https:\/\/twitter.com\/hashtag\/COP21?src=hash\">#COP21<\/a> <a href=\"https:\/\/twitter.com\/jeromebignon\">@jeromebignon<\/a> :\u00a0\u00bb Il s&rsquo;agira de veiller \u00e0 la bonne tenue des engagements.\u00a0\u00bb <a href=\"https:\/\/t.co\/UoPvDaONY6\">https:\/\/t.co\/UoPvDaONY6<\/a><\/p>\n<p>\u2014 Senat_Info (@Senat_Info) <a href=\"https:\/\/twitter.com\/Senat_Info\/status\/673559272039432193\">6 D\u00e9cembre 2015<\/a>\n<\/p><\/blockquote>\n<p><script src=\"\/\/platform.twitter.com\/widgets.js\" async=\"\" charset=\"utf-8\"><\/script><\/td>\n<\/tr>\n<tr>\n<td>\n<blockquote class=\"twitter-tweet\" lang=\"fr\">\n<p dir=\"ltr\" lang=\"en\"><a href=\"https:\/\/twitter.com\/hashtag\/UIP_COP21?src=hash\">#UIP_COP21<\/a> Rosaline Smith (<a href=\"https:\/\/twitter.com\/IPUparliament\">@IPUparliament<\/a>) : \u00ab\u00a0The climate change will affect mostly women &amp; young people.\u00a0\u00bb <a href=\"https:\/\/t.co\/9KtG1spyiS\">https:\/\/t.co\/9KtG1spyiS<\/a><\/p>\n<p>\u2014 Senat_Info (@Senat_Info) <a href=\"https:\/\/twitter.com\/Senat_Info\/status\/673519840389304324\">6 D\u00e9cembre 2015<\/a><\/p><\/blockquote>\n<p><script src=\"\/\/platform.twitter.com\/widgets.js\" async=\"\" charset=\"utf-8\"><\/script>\n<\/td>\n<td>\n<blockquote class=\"twitter-tweet\" lang=\"fr\"><p>\n<a href=\"https:\/\/twitter.com\/hashtag\/UIP_COP21?src=hash\">#UIP_COP21<\/a> <a href=\"https:\/\/twitter.com\/hashtag\/COP21?src=hash\">#COP21<\/a> Ian Liddel Grainger (<a href=\"https:\/\/twitter.com\/HouseofCommons\">@HouseofCommons<\/a>) : \u00ab\u00a0Change is overdue.\u00a0\u00bb <a href=\"https:\/\/t.co\/13wAYClnil\">https:\/\/t.co\/13wAYClnil<\/a><\/p>\n<p>\u2014 Senat_Info (@Senat_Info) <a href=\"https:\/\/twitter.com\/Senat_Info\/status\/673532549088468992\">6 D\u00e9cembre 2015<\/a>\n<\/p><\/blockquote>\n<p><script src=\"\/\/platform.twitter.com\/widgets.js\" async=\"\" charset=\"utf-8\"><\/script><\/td>\n<\/tr>\n<\/tbody>\n<\/table>\n<h3>Le d\u00e9roulement de la journ\u00e9e sur Twitter<\/h3>\n<div align=\"center\"><a class=\"twitter-timeline\" href=\"https:\/\/twitter.com\/Senat_Info\/timelines\/673786878206717952\" data-widget-id=\"673789557402374144\">#UIP_COP21<\/a><br \/>\n<script>\/\/ <![CDATA[\n!function(d,s,id){var js,fjs=d.getElementsByTagName(s)[0],p=\/^http:\/.test(d.location)?'http':'https';if(!d.getElementById(id)){js=d.createElement(s);js.id=id;js.src=p+\":\/\/platform.twitter.com\/widgets.js\";fjs.parentNode.insertBefore(js,fjs);}}(document,\"script\",\"twitter-wjs\");\n\/\/ ]]><\/script><\/div>\n<p><a href=\"https:\/\/twitter.com\/search?q=%23UIP_COP21%20exclude%3Anativeretweets%20exclude%3Aretweets\"> Le fil Twitter #UIP_COP21 sur une seule page<\/a><\/p>\n<h3><a href=\"http:\/\/blog.senat.fr\/cdp21\/reunion-de-lunion-inter-parlementaire-5-6112015\/\">Le programme et le d\u00e9roulement de la journ\u00e9e<\/a><\/h3>\n","protected":false},"excerpt":{"rendered":"<p>Les conclusions de la Conf\u00e9rence de l&rsquo;UIP Voir l&rsquo;int\u00e9gralit\u00e9 de la r\u00e9union de l&rsquo; UIP en vid\u00e9o \u00e0 la demande #UIP_COP21 D\u00e9couvrez notre reportage sur la rencontre interparlementaire au #S\u00e9nat qui s&#39;est d\u00e9roul\u00e9e le 6\/12 https:\/\/t.co\/FP2rvafqUt #COP21 &mdash; Senat_Info (@Senat_Info) 8 D\u00e9cembre 2015 Les interviews des participants #COP21 #UIP_COP21 @gerard_larcher : \u00ab\u00a0Les parlements et les [&hellip;]<\/p>\n","protected":false},"author":1,"featured_media":673,"comment_status":"closed","ping_status":"closed","sticky":false,"template":"","format":"standard","meta":{"footnotes":""},"categories":[1],"tags":[],"class_list":["post-665","post","type-post","status-publish","format-standard","has-post-thumbnail","hentry","category-non-classe"],"_links":{"self":[{"href":"https:\/\/blog.senat.fr\/cdp21\/wp-json\/wp\/v2\/posts\/665","targetHints":{"allow":["GET"]}}],"collection":[{"href":"https:\/\/blog.senat.fr\/cdp21\/wp-json\/wp\/v2\/posts"}],"about":[{"href":"https:\/\/blog.senat.fr\/cdp21\/wp-json\/wp\/v2\/types\/post"}],"author":[{"embeddable":true,"href":"https:\/\/blog.senat.fr\/cdp21\/wp-json\/wp\/v2\/users\/1"}],"replies":[{"embeddable":true,"href":"https:\/\/blog.senat.fr\/cdp21\/wp-json\/wp\/v2\/comments?post=665"}],"version-history":[{"count":44,"href":"https:\/\/blog.senat.fr\/cdp21\/wp-json\/wp\/v2\/posts\/665\/revisions"}],"predecessor-version":[{"id":737,"href":"https:\/\/blog.senat.fr\/cdp21\/wp-json\/wp\/v2\/posts\/665\/revisions\/737"}],"wp:featuredmedia":[{"embeddable":true,"href":"https:\/\/blog.senat.fr\/cdp21\/wp-json\/wp\/v2\/media\/673"}],"wp:attachment":[{"href":"https:\/\/blog.senat.fr\/cdp21\/wp-json\/wp\/v2\/media?parent=665"}],"wp:term":[{"taxonomy":"category","embeddable":true,"href":"https:\/\/blog.senat.fr\/cdp21\/wp-json\/wp\/v2\/categories?post=665"},{"taxonomy":"post_tag","embeddable":true,"href":"https:\/\/blog.senat.fr\/cdp21\/wp-json\/wp\/v2\/tags?post=665"}],"curies":[{"name":"wp","href":"https:\/\/api.w.org\/{rel}","templated":true}]}}