{"id":488,"date":"2015-11-13T16:25:23","date_gmt":"2015-11-13T15:25:23","guid":{"rendered":"http:\/\/blog.senat.fr\/cdp21\/?p=488"},"modified":"2018-06-25T11:38:39","modified_gmt":"2018-06-25T09:38:39","slug":"etat-de-lart-en-matiere-de-mesure-des-emissions-de-particules-et-de-polluants-par-les-vehicules-regards-croises-13112015","status":"publish","type":"post","link":"https:\/\/blog.senat.fr\/cdp21\/etat-de-lart-en-matiere-de-mesure-des-emissions-de-particules-et-de-polluants-par-les-vehicules-regards-croises-13112015\/","title":{"rendered":"\u00c9tat de l\u2019art en mati\u00e8re de mesure des \u00e9missions de particules et de polluants par les v\u00e9hicules. Regards crois\u00e9s (13\/11\/2015)"},"content":{"rendered":"<div>Organis\u00e9e vendredi 13 novembre 2015 par l&rsquo;<a href=\"http:\/\/www.senat.fr\/opecst\/index.html\">Office parlementaire d&rsquo;\u00e9valuation des choix scientifiques et technologiques<\/a>,\u00a0\u00e0 l&rsquo;initiative de\u00a0M. Denis BAUPIN, d\u00e9put\u00e9, et de <a href=\"http:\/\/www.senat.fr\/senateur\/keller_fabienne04061f.html\">Mme Fabienne KELLER<\/a>, s\u00e9natrice, l&rsquo;audition publique sur l&rsquo;\u00e9tat de l&rsquo;art en mati\u00e8re de mesure des \u00e9missions de particules\u00a0et de polluants par les v\u00e9hicules avait pour ambition de <strong>faire le point sur la cr\u00e9dibilit\u00e9 des mesures et des normes de pollution et sur la mani\u00e8re dont la fili\u00e8re automobile peut anticiper l\u2019\u00e9volution des r\u00e8gles<\/strong>.<\/div>\n<div><\/div>\n<div>Cette audition publique a rassembl\u00e9 les pouvoirs publics, les acteurs de la fili\u00e8re automobile, des repr\u00e9sentants de la soci\u00e9t\u00e9 civile ainsi que des chercheurs et des repr\u00e9sentants de la Commission europ\u00e9enne.<\/div>\n<div><\/div>\n<div>Les trois tables rondes ont eu pour objectif de r\u00e9pondre aux questions suivantes :<\/div>\n<div><\/div>\n<ul>\n<li>Comment effectue-t-on les mesures de pollution ?<\/li>\n<li>Comment s\u2019approcher le plus possible des conditions r\u00e9elles d\u2019utilisation des v\u00e9hicules ?<\/li>\n<li>Comment la fili\u00e8re automobile s\u2019adapte-t-elle aux enjeux et aux normes sanitaires et environnementales ?<\/li>\n<li>Comment pourrait-on assurer une surveillance ind\u00e9pendante de l\u2019application des normes et des protocoles de mesure ?<\/li>\n<\/ul>\n<div><\/div>\n<div><\/div>\n<div><a href=\"http:\/\/www.senat.fr\/espace_presse\/actualites\/201501\/travaux_du_senat_sur_les_effets_des_motorisations_diesel_sur_la_sante_et_lenvironnement.html\" target=\"_blank\">En savoir plus sur le site du S\u00e9nat<\/a><\/div>\n<div><\/div>\n<div><a href=\"http:\/\/www.senat.fr\/fileadmin\/Fichiers\/Images\/opecst\/auditions_publiques\/OPECST_prgr_audition_publique_13novembre2015_polluant_vehicules.pdf\" target=\"_blank\">Le programme des auditions (PDF)<\/a><\/div>\n<div><\/div>\n<div><a href=\"http:\/\/videos.senat.fr\/video\/videos\/2015\/video30608.html\" target=\"_blank\">Le dossier vid\u00e9o des auditions<\/a><\/div>\n","protected":false},"excerpt":{"rendered":"<p>Organis\u00e9e vendredi 13 novembre 2015 par l&rsquo;Office parlementaire d&rsquo;\u00e9valuation des choix scientifiques et technologiques,\u00a0\u00e0 l&rsquo;initiative de\u00a0M. Denis BAUPIN, d\u00e9put\u00e9, et de Mme Fabienne KELLER, s\u00e9natrice, l&rsquo;audition publique sur l&rsquo;\u00e9tat de l&rsquo;art en mati\u00e8re de mesure des \u00e9missions de particules\u00a0et de polluants par les v\u00e9hicules avait pour ambition de faire le point sur la cr\u00e9dibilit\u00e9 des [&hellip;]<\/p>\n","protected":false},"author":1,"featured_media":487,"comment_status":"closed","ping_status":"open","sticky":false,"template":"","format":"standard","meta":{"footnotes":""},"categories":[9],"tags":[],"class_list":["post-488","post","type-post","status-publish","format-standard","has-post-thumbnail","hentry","category-evenements"],"_links":{"self":[{"href":"https:\/\/blog.senat.fr\/cdp21\/wp-json\/wp\/v2\/posts\/488","targetHints":{"allow":["GET"]}}],"collection":[{"href":"https:\/\/blog.senat.fr\/cdp21\/wp-json\/wp\/v2\/posts"}],"about":[{"href":"https:\/\/blog.senat.fr\/cdp21\/wp-json\/wp\/v2\/types\/post"}],"author":[{"embeddable":true,"href":"https:\/\/blog.senat.fr\/cdp21\/wp-json\/wp\/v2\/users\/1"}],"replies":[{"embeddable":true,"href":"https:\/\/blog.senat.fr\/cdp21\/wp-json\/wp\/v2\/comments?post=488"}],"version-history":[{"count":5,"href":"https:\/\/blog.senat.fr\/cdp21\/wp-json\/wp\/v2\/posts\/488\/revisions"}],"predecessor-version":[{"id":522,"href":"https:\/\/blog.senat.fr\/cdp21\/wp-json\/wp\/v2\/posts\/488\/revisions\/522"}],"wp:featuredmedia":[{"embeddable":true,"href":"https:\/\/blog.senat.fr\/cdp21\/wp-json\/wp\/v2\/media\/487"}],"wp:attachment":[{"href":"https:\/\/blog.senat.fr\/cdp21\/wp-json\/wp\/v2\/media?parent=488"}],"wp:term":[{"taxonomy":"category","embeddable":true,"href":"https:\/\/blog.senat.fr\/cdp21\/wp-json\/wp\/v2\/categories?post=488"},{"taxonomy":"post_tag","embeddable":true,"href":"https:\/\/blog.senat.fr\/cdp21\/wp-json\/wp\/v2\/tags?post=488"}],"curies":[{"name":"wp","href":"https:\/\/api.w.org\/{rel}","templated":true}]}}