{"id":417,"date":"2015-10-30T16:05:35","date_gmt":"2015-10-30T15:05:35","guid":{"rendered":"http:\/\/blog.senat.fr\/cdp21\/?p=417"},"modified":"2018-06-25T11:38:39","modified_gmt":"2018-06-25T09:38:39","slug":"exposition-paris-climat-2015-3-novembre-2015","status":"publish","type":"post","link":"https:\/\/blog.senat.fr\/cdp21\/exposition-paris-climat-2015-3-novembre-2015\/","title":{"rendered":"Exposition Paris Climat 2015 (3\/11 &#8211; 2\/12\/2015)"},"content":{"rendered":"<p><strong>Du 3 novembre au 2 d\u00e9cembre 2015<\/strong>, l&rsquo;exposition \u00ab\u00a0<strong>Paris Climat 2015<\/strong>\u00a0\u00bb pr\u00e9sente, au <strong>Pr\u00e9au Saint-Michel du Jardin du Luxembourg<\/strong>, les 10 affiches laur\u00e9ates du concours \u00ab\u00a0Creative Awards by SAXOPRINT\u00a0\u00bb au profit du WWF France.<\/p>\n<p>Destin\u00e9s \u00e0 sensibiliser les 18\/25 ans aux enjeux du r\u00e9chauffement climatique, ces \u00ab\u00a0awards\u00a0\u00bb ont mobilis\u00e9s de nombreux talents cr\u00e9atifs. <\/p>\n<p>Le Grand prix du jury a \u00e9t\u00e9 attribu\u00e9 \u00e0 Pierre Gaudouin et C\u00e9line Lentz<\/p>\n<p><img loading=\"lazy\" decoding=\"async\" src=\"http:\/\/blog.senat.fr\/cdp21\/wp-content\/uploads\/sites\/2\/2015\/10\/img-gagnant-jury1-300x200-300x200.jpg\" alt=\"Grand prix du jury\" width=\"300\" height=\"200\" class=\"alignnone size-medium wp-image-420\" \/><\/p>\n<p>Dans le cadre de la conf\u00e9rence Paris Climat qui se tiendra au Bourget du 30 novembre au 11 d\u00e9cembre 2015, les grands gagnants signeront la campagne \u00ab Pandar\u00e9volution \u00bb du WWF France.<\/p>\n<p><a href=\"http:\/\/www.senat.fr\/evenement\/preau_saint_michel\/paris_climat_2015.html\">Voir les autres cr\u00e9ations laur\u00e9ates<\/a><\/p>\n<p>Ajout\u00e9s aux 10 affiches laur\u00e9ates, des panneaux th\u00e9matiques vous informent des \u00ab\u00a0enjeux du d\u00e9r\u00e8glement climatique\u00a0\u00bb.<\/p>\n<p><strong>Pr\u00e9au Saint-Michel<\/strong> : acc\u00e8s libre dans les heures d&rsquo;ouverture du Jardin du Luxembourg par la  place Edmond Rostand &#8211; RER B station Luxembourg &#8211; S\u00e9nat<\/p>\n","protected":false},"excerpt":{"rendered":"<p>Du 3 novembre au 2 d\u00e9cembre 2015, l&rsquo;exposition \u00ab\u00a0Paris Climat 2015\u00a0\u00bb pr\u00e9sente, au Pr\u00e9au Saint-Michel du Jardin du Luxembourg, les 10 affiches laur\u00e9ates du concours \u00ab\u00a0Creative Awards by SAXOPRINT\u00a0\u00bb au profit du WWF France. Destin\u00e9s \u00e0 sensibiliser les 18\/25 ans aux enjeux du r\u00e9chauffement climatique, ces \u00ab\u00a0awards\u00a0\u00bb ont mobilis\u00e9s de nombreux talents cr\u00e9atifs. Le Grand [&hellip;]<\/p>\n","protected":false},"author":1,"featured_media":416,"comment_status":"closed","ping_status":"open","sticky":false,"template":"","format":"standard","meta":{"footnotes":""},"categories":[9],"tags":[],"class_list":["post-417","post","type-post","status-publish","format-standard","has-post-thumbnail","hentry","category-evenements"],"_links":{"self":[{"href":"https:\/\/blog.senat.fr\/cdp21\/wp-json\/wp\/v2\/posts\/417","targetHints":{"allow":["GET"]}}],"collection":[{"href":"https:\/\/blog.senat.fr\/cdp21\/wp-json\/wp\/v2\/posts"}],"about":[{"href":"https:\/\/blog.senat.fr\/cdp21\/wp-json\/wp\/v2\/types\/post"}],"author":[{"embeddable":true,"href":"https:\/\/blog.senat.fr\/cdp21\/wp-json\/wp\/v2\/users\/1"}],"replies":[{"embeddable":true,"href":"https:\/\/blog.senat.fr\/cdp21\/wp-json\/wp\/v2\/comments?post=417"}],"version-history":[{"count":8,"href":"https:\/\/blog.senat.fr\/cdp21\/wp-json\/wp\/v2\/posts\/417\/revisions"}],"predecessor-version":[{"id":426,"href":"https:\/\/blog.senat.fr\/cdp21\/wp-json\/wp\/v2\/posts\/417\/revisions\/426"}],"wp:featuredmedia":[{"embeddable":true,"href":"https:\/\/blog.senat.fr\/cdp21\/wp-json\/wp\/v2\/media\/416"}],"wp:attachment":[{"href":"https:\/\/blog.senat.fr\/cdp21\/wp-json\/wp\/v2\/media?parent=417"}],"wp:term":[{"taxonomy":"category","embeddable":true,"href":"https:\/\/blog.senat.fr\/cdp21\/wp-json\/wp\/v2\/categories?post=417"},{"taxonomy":"post_tag","embeddable":true,"href":"https:\/\/blog.senat.fr\/cdp21\/wp-json\/wp\/v2\/tags?post=417"}],"curies":[{"name":"wp","href":"https:\/\/api.w.org\/{rel}","templated":true}]}}