{"id":36,"date":"2015-05-13T09:05:36","date_gmt":"2015-05-13T07:05:36","guid":{"rendered":"http:\/\/blog.senat.fr\/cdp21\/?p=36"},"modified":"2018-06-25T11:38:41","modified_gmt":"2018-06-25T09:38:41","slug":"le-senat-representant-des-territoires-valorise-laction-des-collectivites","status":"publish","type":"post","link":"https:\/\/blog.senat.fr\/cdp21\/le-senat-representant-des-territoires-valorise-laction-des-collectivites\/","title":{"rendered":"Le S\u00e9nat, repr\u00e9sentant des territoires, valorise l&rsquo;action des collectivit\u00e9s"},"content":{"rendered":"<p align=\"JUSTIFY\">En application de l\u2019article 24 de la Constitution, le S\u00e9nat assure la repr\u00e9sentation des collectivit\u00e9s territoriales de la R\u00e9publique. Il entretient donc avec elles une relation particuli\u00e8re.<\/p>\n<p align=\"JUSTIFY\">C\u2019est la raison pour laquelle, en vue de la pr\u00e9paration de cette Conf\u00e9rence Paris Climat 2015, le S\u00e9nat a choisi de faire un point sp\u00e9cifique sur les actions men\u00e9es par les collectivit\u00e9s territoriales en mati\u00e8re de lutte contre le changement climatique.<\/p>\n<p align=\"JUSTIFY\">La d\u00e9l\u00e9gation aux collectivit\u00e9s territoriales et \u00e0 la d\u00e9centralisation du S\u00e9nat va ainsi mener, d\u2019ici au prochain Congr\u00e8s des Maires du 17 au 19 novembre 2015, un travail de fond pour valoriser les actions men\u00e9es par ces collectivit\u00e9s territoriales, tant \u00e0 leur \u00e9chelon qu\u2019\u00e0 l\u2019\u00e9chelle internationale, <i>via<\/i> la coop\u00e9ration d\u00e9centralis\u00e9e.<\/p>\n<p align=\"JUSTIFY\">En effet, les collectivit\u00e9s territoriales ont su mettre en \u0153uvre, depuis les ann\u00e9es 1990, des actions de toutes natures qui permettent \u00e0 la France de se pr\u00e9senter comme un pays actif et efficace en mati\u00e8re de lutte contre le r\u00e9chauffement climatique.<\/p>\n<p align=\"JUSTIFY\">La commission de l\u2019am\u00e9nagement du territoire et du d\u00e9veloppement durable a \u00e9galement souhait\u00e9 s\u2019appuyer sur une approche de terrain pour illustrer les effets concrets du r\u00e9chauffement climatique. Elle effectuera ainsi plusieurs d\u00e9placements en France au cours de l\u2019ann\u00e9e 2015.<\/p>\n","protected":false},"excerpt":{"rendered":"<p>En application de l\u2019article 24 de la Constitution, le S\u00e9nat assure la repr\u00e9sentation des collectivit\u00e9s territoriales de la R\u00e9publique. Il entretient donc avec elles une relation particuli\u00e8re. C\u2019est la raison pour laquelle, en vue de la pr\u00e9paration de cette Conf\u00e9rence Paris Climat 2015, le S\u00e9nat a choisi de faire un point sp\u00e9cifique sur les actions [&hellip;]<\/p>\n","protected":false},"author":2,"featured_media":97,"comment_status":"closed","ping_status":"open","sticky":true,"template":"","format":"standard","meta":{"footnotes":""},"categories":[7],"tags":[],"class_list":["post-36","post","type-post","status-publish","format-standard","has-post-thumbnail","hentry","category-le-senat-et-la-cdp-21"],"_links":{"self":[{"href":"https:\/\/blog.senat.fr\/cdp21\/wp-json\/wp\/v2\/posts\/36","targetHints":{"allow":["GET"]}}],"collection":[{"href":"https:\/\/blog.senat.fr\/cdp21\/wp-json\/wp\/v2\/posts"}],"about":[{"href":"https:\/\/blog.senat.fr\/cdp21\/wp-json\/wp\/v2\/types\/post"}],"author":[{"embeddable":true,"href":"https:\/\/blog.senat.fr\/cdp21\/wp-json\/wp\/v2\/users\/2"}],"replies":[{"embeddable":true,"href":"https:\/\/blog.senat.fr\/cdp21\/wp-json\/wp\/v2\/comments?post=36"}],"version-history":[{"count":2,"href":"https:\/\/blog.senat.fr\/cdp21\/wp-json\/wp\/v2\/posts\/36\/revisions"}],"predecessor-version":[{"id":112,"href":"https:\/\/blog.senat.fr\/cdp21\/wp-json\/wp\/v2\/posts\/36\/revisions\/112"}],"wp:featuredmedia":[{"embeddable":true,"href":"https:\/\/blog.senat.fr\/cdp21\/wp-json\/wp\/v2\/media\/97"}],"wp:attachment":[{"href":"https:\/\/blog.senat.fr\/cdp21\/wp-json\/wp\/v2\/media?parent=36"}],"wp:term":[{"taxonomy":"category","embeddable":true,"href":"https:\/\/blog.senat.fr\/cdp21\/wp-json\/wp\/v2\/categories?post=36"},{"taxonomy":"post_tag","embeddable":true,"href":"https:\/\/blog.senat.fr\/cdp21\/wp-json\/wp\/v2\/tags?post=36"}],"curies":[{"name":"wp","href":"https:\/\/api.w.org\/{rel}","templated":true}]}}