{"id":318,"date":"2015-10-09T18:32:54","date_gmt":"2015-10-09T16:32:54","guid":{"rendered":"http:\/\/blog.senat.fr\/cdp21\/?p=318"},"modified":"2018-06-25T11:38:40","modified_gmt":"2018-06-25T09:38:40","slug":"climat-vers-un-dereglement-geopolitique","status":"publish","type":"post","link":"https:\/\/blog.senat.fr\/cdp21\/climat-vers-un-dereglement-geopolitique\/","title":{"rendered":"Rapport d&rsquo;information &#8211; Climat: vers un d\u00e9r\u00e8glement g\u00e9opolitique ? (9\/10\/2015)"},"content":{"rendered":"<h3>Commission des Affaires \u00e9trang\u00e8res, de la D\u00e9fense et des Forces arm\u00e9es du S\u00e9nat<\/h3>\n<p><em>Communiqu\u00e9 de presse &#8211; 9 octobre 2015<\/em><\/p>\n<p>Dans un rapport novateur, adopt\u00e9 \u00e0 l\u2019unanimit\u00e9, la commission des affaires \u00e9trang\u00e8res, de la d\u00e9fense et des forces arm\u00e9es du S\u00e9nat, pr\u00e9sid\u00e9e par M. <strong>Jean-Pierre RAFFARIN<\/strong> (Vienne, Les R\u00e9publicains), analyse les cons\u00e9quences strat\u00e9giques de long terme du d\u00e9r\u00e8glement climatique. \u00ab C\u2019est un angle mort de notre r\u00e9flexion strat\u00e9gique, alors qu\u2019il est \u00e9vident que les \u00e9quilibres mondiaux seront boulevers\u00e9s \u00bb, d\u00e9clare <strong>Jean-Pierre RAFFARIN<\/strong>.<\/p>\n<p>Le groupe de travail de la commission, compos\u00e9 de M. <strong>C\u00e9dric PERRIN<\/strong> (Territoire de Belfort, Les R\u00e9publicains), Mme <strong>Le\u00efla AICHI<\/strong> (Paris, Ecologiste) et Mme <strong>Eliane GIRAUD<\/strong> (Is\u00e8re, Socialiste et R\u00e9publicain) s\u2019est focalis\u00e9 sur deux exemples pr\u00e9cis : <strong>l\u2019\u00e9l\u00e9vation du niveau de la mer et l\u2019\u00e9volution de la r\u00e9gion arctique.<\/strong><\/p>\n<p>L\u2019\u00e9l\u00e9vation du niveau de la mer co\u00efncide avec une concentration croissante des populations sur les c\u00f4tes. L\u2019analyse fait ressortir la plus grande vuln\u00e9rabilit\u00e9 des pays et des populations les plus pauvres. \u00ab La probl\u00e9matique des r\u00e9fugi\u00e9s climatiques sera massive \u00bb, affirme Mme <strong>Leila A\u00cfCHI<\/strong>. Une augmentation du niveau marin de 50 cm entra\u00eenerait le d\u00e9placement de 72 millions de personnes. Le nombre de d\u00e9plac\u00e9s environnementaux pourrait atteindre 200 millions d\u2019ici \u00e0 2050. Le changement climatique mettra sous tension nos syst\u00e8mes \u00e9conomiques, sociaux et politiques. Il en r\u00e9sultera des risques d\u2019instabilit\u00e9 et de conflits. Le d\u00e9r\u00e8glement climatique est \u00ab l\u2019ultime multiplicateur de menaces \u00bb, affirme la s\u00e9natrice.<\/p>\n<p>L\u2019ouverture des routes maritimes du Nord fait de l\u2019Arctique un enjeu international. \u00ab Le r\u00e9chauffement, qui est deux fois plus rapide en Arctique qu\u2019ailleurs, pourrait conduire \u00e0 l\u2019\u00e9mergence d\u2019un nouvel espace d\u2019\u00e9changes et d\u2019activit\u00e9s \u00e9conomiques \u00bb estime M. <strong>C\u00e9dric PERRIN<\/strong>. Une banalisation de cette r\u00e9gion, jusque-l\u00e0 per\u00e7ue comme une p\u00e9riph\u00e9rie, aujourd\u2019hui appr\u00e9hend\u00e9e comme \u00ab une nouvelle fronti\u00e8re \u00bb, constituerait un changement g\u00e9ostrat\u00e9gique majeur.<\/p>\n<p>Pour r\u00e9pondre \u00e0 ces \u00e9volutions, <strong>le groupe de travail propose des orientations dans le sens d\u2019une meilleure anticipation des risques et de mesures d\u2019adaptation. Les impacts du d\u00e9r\u00e8glement climatique ne sont pas in\u00e9luctables, \u00e0 condition que des d\u00e9cisions ambitieuses en mati\u00e8re d\u2019att\u00e9nuation des \u00e9missions de gaz \u00e0 effet de serre soient prises<\/strong>. C\u2019est pourquoi la commission des affaires \u00e9trang\u00e8res, de la d\u00e9fense et des forces arm\u00e9es appelle \u00e0 la mobilisation de tous les acteurs en vue de la r\u00e9ussite de la COP 21.<\/p>\n<p>Lire la note de synth\u00e8se du rapport : <a href=\"http:\/\/blog.senat.fr\/cdp21\/wp-content\/uploads\/sites\/2\/2015\/11\/note-de-synth\u00e8se-Climat-1.pdf\">Fran\u00e7ais<\/a> (PDF &#8211; 181 Ko) &#8211;\u00a0 <a href=\"http:\/\/blog.senat.fr\/cdp21\/wp-content\/uploads\/sites\/2\/2015\/11\/ENG.-M.-Farenc_note-comm-affaires-etrangeres.pdf\">English<\/a> (PDF &#8211; 144 Ko)<\/p>\n<p><a href=\"http:\/\/www.senat.fr\/notice-rapport\/2015\/r15-014-notice.html\" target=\"_blank\">Consulter le rapport d\u2019information sur le site du S\u00e9nat<\/a><\/p>\n","protected":false},"excerpt":{"rendered":"<p>Commission des Affaires \u00e9trang\u00e8res, de la D\u00e9fense et des Forces arm\u00e9es du S\u00e9nat Communiqu\u00e9 de presse &#8211; 9 octobre 2015 Dans un rapport novateur, adopt\u00e9 \u00e0 l\u2019unanimit\u00e9, la commission des affaires \u00e9trang\u00e8res, de la d\u00e9fense et des forces arm\u00e9es du S\u00e9nat, pr\u00e9sid\u00e9e par M. Jean-Pierre RAFFARIN (Vienne, Les R\u00e9publicains), analyse les cons\u00e9quences strat\u00e9giques de long [&hellip;]<\/p>\n","protected":false},"author":1,"featured_media":317,"comment_status":"closed","ping_status":"closed","sticky":false,"template":"","format":"standard","meta":{"footnotes":""},"categories":[6],"tags":[],"class_list":["post-318","post","type-post","status-publish","format-standard","has-post-thumbnail","hentry","category-rapports-dinformation"],"_links":{"self":[{"href":"https:\/\/blog.senat.fr\/cdp21\/wp-json\/wp\/v2\/posts\/318","targetHints":{"allow":["GET"]}}],"collection":[{"href":"https:\/\/blog.senat.fr\/cdp21\/wp-json\/wp\/v2\/posts"}],"about":[{"href":"https:\/\/blog.senat.fr\/cdp21\/wp-json\/wp\/v2\/types\/post"}],"author":[{"embeddable":true,"href":"https:\/\/blog.senat.fr\/cdp21\/wp-json\/wp\/v2\/users\/1"}],"replies":[{"embeddable":true,"href":"https:\/\/blog.senat.fr\/cdp21\/wp-json\/wp\/v2\/comments?post=318"}],"version-history":[{"count":7,"href":"https:\/\/blog.senat.fr\/cdp21\/wp-json\/wp\/v2\/posts\/318\/revisions"}],"predecessor-version":[{"id":473,"href":"https:\/\/blog.senat.fr\/cdp21\/wp-json\/wp\/v2\/posts\/318\/revisions\/473"}],"wp:featuredmedia":[{"embeddable":true,"href":"https:\/\/blog.senat.fr\/cdp21\/wp-json\/wp\/v2\/media\/317"}],"wp:attachment":[{"href":"https:\/\/blog.senat.fr\/cdp21\/wp-json\/wp\/v2\/media?parent=318"}],"wp:term":[{"taxonomy":"category","embeddable":true,"href":"https:\/\/blog.senat.fr\/cdp21\/wp-json\/wp\/v2\/categories?post=318"},{"taxonomy":"post_tag","embeddable":true,"href":"https:\/\/blog.senat.fr\/cdp21\/wp-json\/wp\/v2\/tags?post=318"}],"curies":[{"name":"wp","href":"https:\/\/api.w.org\/{rel}","templated":true}]}}