{"id":253,"date":"2015-09-28T10:18:41","date_gmt":"2015-09-28T08:18:41","guid":{"rendered":"http:\/\/blog.senat.fr\/cdp21\/?p=253"},"modified":"2018-06-25T11:38:40","modified_gmt":"2018-06-25T09:38:40","slug":"biodiversites-des-outre-mer-et-changement-climatique","status":"publish","type":"post","link":"https:\/\/blog.senat.fr\/cdp21\/biodiversites-des-outre-mer-et-changement-climatique\/","title":{"rendered":"Rapport d&rsquo;information &#8211; Biodiversit\u00e9s des outre-mer et changement climatique (18\/09\/2015)"},"content":{"rendered":"<h2>Le Jeudi 11 juin 2015 la D\u00e9l\u00e9gation du S\u00e9nat \u00e0 l&rsquo;Outre-mer a organis\u00e9 des tables rondes sur les biodiversit\u00e9s des outre-mer confront\u00e9es au changement climatique<\/h2>\n<p class=\"align-justify\">Au cours de la premi\u00e8re table ronde\u00a0ont \u00e9t\u00e9\u00a0entendus des repr\u00e9sentants du Mus\u00e9um d&rsquo;histoire naturelle, de l&rsquo;Institut fran\u00e7ais de recherche pour l&rsquo;exploitation de la mer (IFREMER), de l&rsquo;Institut de recherche pour le d\u00e9veloppement (IRD), du comit\u00e9 fran\u00e7ais de l&rsquo;Union internationale pour la conservation de la nature (UICN) et de la Ligue pour la protection des oiseaux.<\/p>\n<p>Au cours de la seconde table ronde\u00a0ont \u00e9t\u00e9\u00a0entendus des repr\u00e9sentants de l&rsquo;Initiative fran\u00e7aise pour les r\u00e9cifs coralliens (IFRECOR), de l&rsquo;Office national de la chasse et de la faune sauvage (ONCFS), de France Nature Environnement et du Conservatoire du littoral.<\/p>\n<p>Ces tables rondes ont donn\u00e9 lieu \u00e0 un rapport d&rsquo;information de MM. <strong>J\u00e9r\u00f4me BIGNON et Jacques CORNANO<\/strong>, fait au nom de la commission de l&rsquo;am\u00e9nagement du territoire et du d\u00e9veloppement durable et de la D\u00e9l\u00e9gation s\u00e9natoriale \u00e0 l&rsquo;outre-mer<br \/>\nRapport d&rsquo;information n\u00b0 698 (2014-2015) &#8211; 18 septembre 2015<\/p>\n<blockquote><p>Dans la perspective de la Conf\u00e9rence internationale sur le climat \u00e0 Paris en d\u00e9cembre 2015, la Commission de l&rsquo;am\u00e9nagement du territoire et du d\u00e9veloppement durable et la D\u00e9l\u00e9gation s\u00e9natoriale \u00e0 l&rsquo;outre-mer ont constitu\u00e9 un groupe de travail commun sur la situation des outre-mer confront\u00e9s aux d\u00e9r\u00e8glements climatiques afin de mener une r\u00e9flexion sur l&rsquo;adaptation des politiques publiques \u00e0 ces contraintes de plus en plus pr\u00e9gnantes, en mettant l&rsquo;accent sur les projets innovants ou embl\u00e9matiques. Cette initiative s&rsquo;inscrit dans un ensemble de travaux men\u00e9s par le S\u00e9nat sur les enjeux du changement climatique, privil\u00e9giant une approche territoriale en ad\u00e9quation avec sa mission constitutionnelle.<\/p><\/blockquote>\n<p style=\"text-align: right;\"><a href=\"http:\/\/www.senat.fr\/rap\/r14-698\/r14-698_mono.html\" target=\"_blank\">Lire le rapport sur le site du S\u00e9nat<\/a><\/p>\n<p style=\"text-align: right;\"><a href=\"http:\/\/www.senat.fr\/rap\/r14-698\/r14-6981.pdf\" target=\"_blank\">T\u00e9l\u00e9charger le rapport au format PDF<\/a> (1,3 Mo)<\/p>\n<p style=\"text-align: right;\"><a class=\"enchasse\" title=\"Communiqu\u00e9 de presse Tables rones biodiversit\u00e9 dans les outre-mer\" href=\"http:\/\/www.senat.fr\/presse\/cp20150603.html\" target=\"_blank\">Le communiqu\u00e9 de presse<\/a><\/p>\n<div>\n<p style=\"text-align: right;\"><a class=\"enchasse\" title=\"Programme des tables rondes\" href=\"http:\/\/www.senat.fr\/commission\/outre_mer\/gt_climat.html\" target=\"_blank\">Le programme d\u00e9taill\u00e9 des auditions<\/a><\/p>\n<p style=\"text-align: right;\"><a class=\"enchasse\" title=\"Biodiversit\u00e9s dans les outre-mer : le compte rendu\" href=\"http:\/\/www.senat.fr\/compte-rendu-commissions\/20150608\/outre_mer.html\" target=\"_blank\">Le compte rendu des tables rondes<\/a><\/p>\n<p style=\"text-align: right;\"><a href=\"http:\/\/videos.senat.fr\/video\/videos\/2015\/video28929.html\" target=\"_blank\">Les tables rondes en vid\u00e9o<\/a><\/p>\n<\/div>\n","protected":false},"excerpt":{"rendered":"<p>Le Jeudi 11 juin 2015 la D\u00e9l\u00e9gation du S\u00e9nat \u00e0 l&rsquo;Outre-mer a organis\u00e9 des tables rondes sur les biodiversit\u00e9s des outre-mer confront\u00e9es au changement climatique Au cours de la premi\u00e8re table ronde\u00a0ont \u00e9t\u00e9\u00a0entendus des repr\u00e9sentants du Mus\u00e9um d&rsquo;histoire naturelle, de l&rsquo;Institut fran\u00e7ais de recherche pour l&rsquo;exploitation de la mer (IFREMER), de l&rsquo;Institut de recherche pour [&hellip;]<\/p>\n","protected":false},"author":1,"featured_media":297,"comment_status":"closed","ping_status":"open","sticky":false,"template":"","format":"standard","meta":{"footnotes":""},"categories":[6],"tags":[],"class_list":["post-253","post","type-post","status-publish","format-standard","has-post-thumbnail","hentry","category-rapports-dinformation"],"_links":{"self":[{"href":"https:\/\/blog.senat.fr\/cdp21\/wp-json\/wp\/v2\/posts\/253","targetHints":{"allow":["GET"]}}],"collection":[{"href":"https:\/\/blog.senat.fr\/cdp21\/wp-json\/wp\/v2\/posts"}],"about":[{"href":"https:\/\/blog.senat.fr\/cdp21\/wp-json\/wp\/v2\/types\/post"}],"author":[{"embeddable":true,"href":"https:\/\/blog.senat.fr\/cdp21\/wp-json\/wp\/v2\/users\/1"}],"replies":[{"embeddable":true,"href":"https:\/\/blog.senat.fr\/cdp21\/wp-json\/wp\/v2\/comments?post=253"}],"version-history":[{"count":10,"href":"https:\/\/blog.senat.fr\/cdp21\/wp-json\/wp\/v2\/posts\/253\/revisions"}],"predecessor-version":[{"id":351,"href":"https:\/\/blog.senat.fr\/cdp21\/wp-json\/wp\/v2\/posts\/253\/revisions\/351"}],"wp:featuredmedia":[{"embeddable":true,"href":"https:\/\/blog.senat.fr\/cdp21\/wp-json\/wp\/v2\/media\/297"}],"wp:attachment":[{"href":"https:\/\/blog.senat.fr\/cdp21\/wp-json\/wp\/v2\/media?parent=253"}],"wp:term":[{"taxonomy":"category","embeddable":true,"href":"https:\/\/blog.senat.fr\/cdp21\/wp-json\/wp\/v2\/categories?post=253"},{"taxonomy":"post_tag","embeddable":true,"href":"https:\/\/blog.senat.fr\/cdp21\/wp-json\/wp\/v2\/tags?post=253"}],"curies":[{"name":"wp","href":"https:\/\/api.w.org\/{rel}","templated":true}]}}