{"id":10,"date":"2015-05-13T09:55:33","date_gmt":"2015-05-13T07:55:33","guid":{"rendered":"http:\/\/blog.senat.fr\/cdp21\/?p=10"},"modified":"2018-06-25T11:38:41","modified_gmt":"2018-06-25T09:38:41","slug":"auditions","status":"publish","type":"post","link":"https:\/\/blog.senat.fr\/cdp21\/auditions\/","title":{"rendered":"Les auditions, colloques et \u00e9v\u00e9nements organis\u00e9s par le S\u00e9nat"},"content":{"rendered":"<ul>\n<li><a href=\"#auditions\">Auditions et tables rondes<\/a><\/li>\n<li><a href=\"#colloques\">Colloques<\/a><\/li>\n<li><a href=\"#evt\">\u00c9v\u00e9nements<\/a><\/li>\n<\/ul>\n<p><a name=\"auditions\"><\/a><\/p>\n<h2>Les auditions et tables rondes<\/h2>\n<p>Retrouvez ci-dessous une s\u00e9lection de vid\u00e9os ou comptes rendus d&rsquo;auditions marquantes men\u00e9es par le S\u00e9nat sur le th\u00e8me du r\u00e9chauffement climatique.<\/p>\n<h3 align=\"JUSTIFY\">Les travaux de la mandature actuelle<\/h3>\n<p align=\"JUSTIFY\"><img loading=\"lazy\" decoding=\"async\" src=\"http:\/\/blog.senat.fr\/cdp21\/wp-content\/uploads\/sites\/2\/2015\/05\/puce-rose.png\" alt=\"puce-rose\" width=\"10\" height=\"10\" \/> Mardi 17 novembre 2015, la <a href=\"http:\/\/www.senat.fr\/commission\/affaires_economiques\/index.html\">commission des affaires \u00e9conomiques<\/a>, la <a href=\"http:\/\/www.senat.fr\/commission\/dvpt_durable\/index.html\">commission de l\u2019am\u00e9nagement du territoire et du d\u00e9veloppement durable<\/a> et la <a href=\"http:\/\/www.senat.fr\/europe\/broch.html\">commission des affaires europ\u00e9ennes<\/a>\u00a0du S\u00e9nat\u00a0ont auditionn\u00e9 <strong>M. Miguel Arias CA\u00d1ETE, commissaire europ\u00e9en \u00ab\u00a0Action pour le climat et l\u2019\u00e9nergie\u00a0\u00bb<\/strong>. <a href=\"http:\/\/blog.senat.fr\/cdp21\/audition-de-m-miguel-arias-canete-commissaire-europeen-action-pour-la-climat-et-lenergie-17112015\/\">En savoir plus&#8230;<\/a><\/p>\n<p align=\"JUSTIFY\"><img loading=\"lazy\" decoding=\"async\" src=\"http:\/\/blog.senat.fr\/cdp21\/wp-content\/uploads\/sites\/2\/2015\/05\/puce-rose.png\" alt=\"puce-rose\" width=\"10\" height=\"10\" \/> Vendredi 13 novembre 2015, audition publique organis\u00e9e par l\u2019<a href=\"http:\/\/www.senat.fr\/opecst\/index.html\">Office parlementaire d\u2019\u00e9valuation des choix scientifiques et technologiques<\/a>,\u00a0\u00e0 l\u2019initiative de\u00a0M. Denis BAUPIN, d\u00e9put\u00e9, et de <a href=\"http:\/\/www.senat.fr\/senateur\/keller_fabienne04061f.html\">Mme Fabienne KELLER<\/a>, s\u00e9natrice. L\u2019<strong>audition publique sur l\u2019\u00e9tat de l\u2019art en mati\u00e8re de mesure des \u00e9missions de particules\u00a0et de polluants par les v\u00e9hicules<\/strong> avait pour ambition de faire le point sur la cr\u00e9dibilit\u00e9 des mesures et des normes de pollution et sur la mani\u00e8re dont la fili\u00e8re automobile peut anticiper l\u2019\u00e9volution des r\u00e8gles. <a href=\"http:\/\/blog.senat.fr\/cdp21\/etat-de-lart-en-matiere-de-mesure-des-emissions-de-particules-et-de-polluants-par-les-vehicules-regards-croises-13112015\/\">Plus d&rsquo;informations&#8230;<\/a><\/p>\n<p><img loading=\"lazy\" decoding=\"async\" src=\"http:\/\/blog.senat.fr\/cdp21\/wp-content\/uploads\/sites\/2\/2015\/05\/puce-rose.png\" alt=\"puce-rose\" width=\"10\" height=\"10\" \/> 21 octobre 2015 : groupe d&rsquo;\u00e9tudes \u00ab\u00a0for\u00eats et fili\u00e8re bois\u00a0\u00bb de la <a href=\"http:\/\/www.senat.fr\/commission\/affaires_economiques\/index.html\" target=\"_blank\">commission des affaires \u00e9conomiques<\/a> &#8211; Financement de la for\u00eat en 2016 et avenir de la gestion foresti\u00e8re<\/p>\n<p><img loading=\"lazy\" decoding=\"async\" src=\"http:\/\/blog.senat.fr\/cdp21\/wp-content\/uploads\/sites\/2\/2015\/05\/puce-rose.png\" alt=\"puce-rose\" width=\"10\" height=\"10\" \/> 21 octobre 2015 : le groupe d&rsquo;\u00e9tudes de l&rsquo;\u00e9nergie de la <a href=\"http:\/\/www.senat.fr\/commission\/affaires_economiques\/index.html\" target=\"_blank\">commission des affaires \u00e9conomiques<\/a> auditionne M. Jean-Louis BAL, pr\u00e9sident du syndicat des \u00e9nergies renouvelables<\/p>\n<p><img loading=\"lazy\" decoding=\"async\" src=\"http:\/\/blog.senat.fr\/cdp21\/wp-content\/uploads\/sites\/2\/2015\/05\/puce-rose.png\" alt=\"puce-rose\" width=\"10\" height=\"10\" \/> 13 octobre 2015 : t<a href=\"http:\/\/www.senat.fr\/espace_presse\/actualites\/201501\/travaux_du_senat_sur_les_effets_des_motorisations_diesel_sur_la_sante_et_lenvironnement.html\" target=\"_blank\">able ronde sur la mesure des \u00e9missions des v\u00e9hicules \u00e0 moteur diesel<\/a>, organis\u00e9e par la <a href=\"http:\/\/www.senat.fr\/commission\/dvpt_durable\/index.html\" target=\"_blank\">commission de l&rsquo;Am\u00e9nagement du territoire et du D\u00e9veloppement durable<\/a><\/p>\n<p style=\"text-align: right;\"><a href=\"http:\/\/videos.senat.fr\/video\/videos\/2015\/video30237.html\" target=\"_blank\">Voir la premi\u00e8re table ronde en vid\u00e9o<br \/>\n<\/a><a href=\"http:\/\/videos.senat.fr\/video\/videos\/2015\/video30238.html\" target=\"_blank\">Voir la seconde table ronde en vid\u00e9o<\/a><\/p>\n<p><img loading=\"lazy\" decoding=\"async\" src=\"http:\/\/blog.senat.fr\/cdp21\/wp-content\/uploads\/sites\/2\/2015\/05\/puce-rose.png\" alt=\"puce-rose\" width=\"10\" height=\"10\" \/> 25 juin 2015 : audition publique et tables rondes \u00ab\u00a0<a href=\"http:\/\/www.senat.fr\/fileadmin\/Fichiers\/Images\/opecst\/programme_auditions_publiques\/Programme_au__22_juin.pdf\" target=\"_blank\">La strat\u00e9gie pour la biomasse en France : un pas vers la bio\u00e9conomie<\/a>\u00a0\u00bb organis\u00e9es par l&rsquo;Office parlementaire d\u2019\u00e9valuation des choix scientifiques et technologiques (<a href=\"http:\/\/www.senat.fr\/opecst\/index.html\" target=\"_blank\">OPECST<\/a>) (9h &#8211; 12h30, salle M\u00e9dicis)<\/p>\n<p><img loading=\"lazy\" decoding=\"async\" src=\"http:\/\/blog.senat.fr\/cdp21\/wp-content\/uploads\/sites\/2\/2015\/05\/puce-rose.png\" alt=\"puce-rose\" width=\"10\" height=\"10\" \/> 25 juin 2015 : table ronde sur le th\u00e8me \u00ab\u00a0Femmes et lutte contre le changement climatique\u00a0\u00bb organis\u00e9e par la <a href=\"http:\/\/www.senat.fr\/commission\/femmes\/index.html\" target=\"_blank\">D\u00e9l\u00e9gation aux droits des femmes et \u00e0 l&rsquo;\u00e9galit\u00e9 des chances entre les hommes et les femmes<\/a> (de 9h \u00e0 11h)<\/p>\n<p>[vsw id=\u00a0\u00bbx39mlec\u00a0\u00bb source=\u00a0\u00bbdailymotion\u00a0\u00bb width=\u00a0\u00bb560&Prime; height=\u00a0\u00bb315&Prime; autoplay=\u00a0\u00bbno\u00a0\u00bb]<\/p>\n<p><img loading=\"lazy\" decoding=\"async\" src=\"http:\/\/blog.senat.fr\/cdp21\/wp-content\/uploads\/sites\/2\/2015\/05\/puce-rose.png\" alt=\"puce-rose\" width=\"10\" height=\"10\" \/> 27 mai 2015 : <a href=\"http:\/\/videos.senat.fr\/video\/videos\/2015\/video28632.html\">audition de Laurence TUBIANA<\/a>, ambassadrice charg\u00e9e des n\u00e9gociations sur le changement climatique, repr\u00e9sentante sp\u00e9ciale pour la conf\u00e9rence Paris Climat 2015<\/p>\n<p align=\"JUSTIFY\"><img loading=\"lazy\" decoding=\"async\" src=\"http:\/\/blog.senat.fr\/cdp21\/wp-content\/uploads\/sites\/2\/2015\/05\/puce-rose.png\" alt=\"puce-rose\" width=\"10\" height=\"10\" \/> 1er avril 2015\u00a0: <a href=\"http:\/\/videos.senat.fr\/video\/videos\/2015\/video28008.html\">audition de Nicolas HULOT<\/a>, envoy\u00e9 sp\u00e9cial du Pr\u00e9sident de la R\u00e9publique pour la protection de la plan\u00e8te<\/p>\n<p align=\"JUSTIFY\"><img loading=\"lazy\" decoding=\"async\" src=\"http:\/\/blog.senat.fr\/cdp21\/wp-content\/uploads\/sites\/2\/2015\/05\/puce-rose.png\" alt=\"puce-rose\" width=\"10\" height=\"10\" \/> 19 novembre 2014\u00a0: <a href=\"http:\/\/videos.senat.fr\/video\/videos\/2014\/video25448.html\">audition de Christian de PERTHUIS<\/a> sur la fiscalit\u00e9 \u00e9cologique<\/p>\n<h3 align=\"JUSTIFY\">Les travaux des mandatures ant\u00e9rieures<\/h3>\n<p align=\"JUSTIFY\"><img loading=\"lazy\" decoding=\"async\" src=\"http:\/\/blog.senat.fr\/cdp21\/wp-content\/uploads\/sites\/2\/2015\/05\/puce-rose.png\" alt=\"puce-rose\" width=\"10\" height=\"10\" \/> 6 mai 2014\u00a0: <a href=\"http:\/\/videos.senat.fr\/video\/videos\/2014\/video22688.html\">audition de Laurent FABIUS<\/a> sur la pr\u00e9paration de la Conf\u00e9rence de Paris<\/p>\n<p align=\"JUSTIFY\"><img loading=\"lazy\" decoding=\"async\" src=\"http:\/\/blog.senat.fr\/cdp21\/wp-content\/uploads\/sites\/2\/2015\/05\/puce-rose.png\" alt=\"puce-rose\" width=\"10\" height=\"10\" \/> 02 octobre 2013\u00a0: <a href=\"http:\/\/videos.senat.fr\/video\/videos\/2013\/video19808.html\">audition de Jean JOUZEL<\/a> sur le cinqui\u00e8me rapport du Groupe d&rsquo;experts intergouvernemental sur l&rsquo;\u00e9volution du climat (GIEC)<\/p>\n<p align=\"JUSTIFY\"><img loading=\"lazy\" decoding=\"async\" src=\"http:\/\/blog.senat.fr\/cdp21\/wp-content\/uploads\/sites\/2\/2015\/05\/puce-rose.png\" alt=\"puce-rose\" width=\"10\" height=\"10\" \/> 11 avril 2012\u00a0: <a href=\"http:\/\/videos.senat.fr\/video\/videos\/2012\/video12648.html\">audition de Pascal LAMY<\/a>, directeur g\u00e9n\u00e9ral de l\u2019OMC, sur les liens entre commerce et environnement<\/p>\n<p align=\"JUSTIFY\"><img loading=\"lazy\" decoding=\"async\" src=\"http:\/\/blog.senat.fr\/cdp21\/wp-content\/uploads\/sites\/2\/2015\/05\/puce-rose.png\" alt=\"puce-rose\" width=\"10\" height=\"10\" \/> 02 d\u00e9cembre 2009\u00a0: <a href=\"http:\/\/videos.senat.fr\/video\/videos\/2009\/video3468.html\">table ronde avant la Conf\u00e9rence de Copenhague sur les cons\u00e9quences du changement climatique<\/a><\/p>\n<p><a name=\"colloques\"><\/a><\/p>\n<h2>Les colloques<\/h2>\n<p align=\"JUSTIFY\">Tout au long de l\u2019ann\u00e9e 2015, le S\u00e9nat organise ou accueille diff\u00e9rents colloques en vue de la Conf\u00e9rence Paris Climat 2015\u00a0:<\/p>\n<p align=\"JUSTIFY\"><img loading=\"lazy\" decoding=\"async\" src=\"http:\/\/blog.senat.fr\/cdp21\/wp-content\/uploads\/sites\/2\/2015\/05\/puce-rose.png\" alt=\"puce-rose\" width=\"10\" height=\"10\" \/> 9 juin 2015\u00a0: <a href=\"http:\/\/www.senat.fr\/colloques\/les_incidences_du_rechauffement_climatique_sur_les_iles_du_pacifique.html\">le changement climatique : incidences sur les \u00eeles du Pacifique<\/a>. Ce colloque est organis\u00e9 par le groupe interparlementaire d\u2019amiti\u00e9 France-Vanuatu-Iles du Pacifique, en partenariat avec la d\u00e9l\u00e9gation permanente de la R\u00e9publique des Palaos aupr\u00e8s de l\u2019UNESCO.<\/p>\n<p align=\"JUSTIFY\"><img loading=\"lazy\" decoding=\"async\" src=\"http:\/\/blog.senat.fr\/cdp21\/wp-content\/uploads\/sites\/2\/2015\/05\/puce-rose.png\" alt=\"puce-rose\" width=\"10\" height=\"10\" \/> 4 juin 2015\u00a0: Europe \u2013 Am\u00e9rique latine et Cara\u00efbes\u00a0: regards crois\u00e9s sur l\u2019enjeu climatique, du local au global. ce colloque organis\u00e9 par le S\u00e9nat en partenariat avec l\u2019Institut des Am\u00e9riques prend place dans le cadre de la Journ\u00e9e de l\u2019Am\u00e9rique latine et des Cara\u00efbes.<\/p>\n<p align=\"JUSTIFY\"><img loading=\"lazy\" decoding=\"async\" src=\"http:\/\/blog.senat.fr\/cdp21\/wp-content\/uploads\/sites\/2\/2015\/05\/puce-rose.png\" alt=\"puce-rose\" width=\"10\" height=\"10\" \/> 21 mai 2015\u00a0: <a href=\"http:\/\/www.senat.fr\/evenement\/colloque\/climat_enjeux_pour_les_religions.html\">le climat : quels enjeux pour les religions ?<\/a> Ce colloque a \u00e9t\u00e9 co-organis\u00e9 par la commission de l\u2019am\u00e9nagement du territoire et du d\u00e9veloppement durable et la Conf\u00e9rence des responsables de cultes en France<\/p>\n<p><a name=\"evt\"><\/a><\/p>\n<h2>Les \u00e9v\u00e9nements<\/h2>\n<p align=\"JUSTIFY\">Le S\u00e9nat, dans le cadre de sa politique de communication \u00e9v\u00e9nementielle, a d\u00e9cid\u00e9 d\u2019accueillir, dans le Jardin du Luxembourg, une exposition organis\u00e9e par WWF qui aura pour but de sensibiliser les 18-25 ans aux enjeux du d\u00e9r\u00e8glement climatique. Elle se tiendra dans l\u2019Orangerie du Jardin du 26 ao\u00fbt au 6 septembre puis se poursuivra sous le Pr\u00e9au Saint-Michel, \u00e0 l\u2019entr\u00e9e du Jardin.<\/p>\n","protected":false},"excerpt":{"rendered":"<p>Auditions et tables rondes Colloques \u00c9v\u00e9nements Les auditions et tables rondes Retrouvez ci-dessous une s\u00e9lection de vid\u00e9os ou comptes rendus d&rsquo;auditions marquantes men\u00e9es par le S\u00e9nat sur le th\u00e8me du r\u00e9chauffement climatique. Les travaux de la mandature actuelle Mardi 17 novembre 2015, la commission des affaires \u00e9conomiques, la commission de l\u2019am\u00e9nagement du territoire et du [&hellip;]<\/p>\n","protected":false},"author":1,"featured_media":130,"comment_status":"closed","ping_status":"open","sticky":true,"template":"","format":"standard","meta":{"footnotes":""},"categories":[7],"tags":[],"class_list":["post-10","post","type-post","status-publish","format-standard","has-post-thumbnail","hentry","category-le-senat-et-la-cdp-21"],"_links":{"self":[{"href":"https:\/\/blog.senat.fr\/cdp21\/wp-json\/wp\/v2\/posts\/10","targetHints":{"allow":["GET"]}}],"collection":[{"href":"https:\/\/blog.senat.fr\/cdp21\/wp-json\/wp\/v2\/posts"}],"about":[{"href":"https:\/\/blog.senat.fr\/cdp21\/wp-json\/wp\/v2\/types\/post"}],"author":[{"embeddable":true,"href":"https:\/\/blog.senat.fr\/cdp21\/wp-json\/wp\/v2\/users\/1"}],"replies":[{"embeddable":true,"href":"https:\/\/blog.senat.fr\/cdp21\/wp-json\/wp\/v2\/comments?post=10"}],"version-history":[{"count":56,"href":"https:\/\/blog.senat.fr\/cdp21\/wp-json\/wp\/v2\/posts\/10\/revisions"}],"predecessor-version":[{"id":592,"href":"https:\/\/blog.senat.fr\/cdp21\/wp-json\/wp\/v2\/posts\/10\/revisions\/592"}],"wp:featuredmedia":[{"embeddable":true,"href":"https:\/\/blog.senat.fr\/cdp21\/wp-json\/wp\/v2\/media\/130"}],"wp:attachment":[{"href":"https:\/\/blog.senat.fr\/cdp21\/wp-json\/wp\/v2\/media?parent=10"}],"wp:term":[{"taxonomy":"category","embeddable":true,"href":"https:\/\/blog.senat.fr\/cdp21\/wp-json\/wp\/v2\/categories?post=10"},{"taxonomy":"post_tag","embeddable":true,"href":"https:\/\/blog.senat.fr\/cdp21\/wp-json\/wp\/v2\/tags?post=10"}],"curies":[{"name":"wp","href":"https:\/\/api.w.org\/{rel}","templated":true}]}}